[{"@context":"https:\/\/schema.org\/","@type":"Article","@id":"https:\/\/www.014.cz\/zimni-zahrada-k-celorocnimu-uzivani\/#Article","mainEntityOfPage":"https:\/\/www.014.cz\/zimni-zahrada-k-celorocnimu-uzivani\/","headline":"Zimn\u00ed zahrada k celoro\u010dn\u00edmu u\u017e\u00edv\u00e1n\u00ed","name":"Zimn\u00ed zahrada k celoro\u010dn\u00edmu u\u017e\u00edv\u00e1n\u00ed","description":"Budete-li cht\u00edt vyu\u017e\u00edvat zimn\u00ed zahrady i celoro\u010dn\u011b, pak je nezbytn\u00e9 pou\u017eit\u00ed dvojit\u00fdch a\u017e trojit\u00fdch skel. Jako novinku m\u016f\u017eeme nab\u00eddnout izola\u010dn\u00ed [&hellip;]","datePublished":"2024-01-29","dateModified":"2024-01-29","author":{"@type":"Person","@id":"https:\/\/www.014.cz\/author\/devene\/#Person","name":"devene","url":"https:\/\/www.014.cz\/author\/devene\/","identifier":1,"image":{"@type":"ImageObject","@id":"https:\/\/secure.gravatar.com\/avatar\/dcb1aeb5e7d95014cdc92e76cf3c72f6b456579bf773ad0081803a6569ffc19c?s=96&d=mm&r=g","url":"https:\/\/secure.gravatar.com\/avatar\/dcb1aeb5e7d95014cdc92e76cf3c72f6b456579bf773ad0081803a6569ffc19c?s=96&d=mm&r=g","height":96,"width":96}},"publisher":{"@type":"Organization","name":"014.cz","logo":{"@type":"ImageObject","@id":"\/logo.png","url":"\/logo.png","width":600,"height":60}},"url":"https:\/\/www.014.cz\/zimni-zahrada-k-celorocnimu-uzivani\/","wordCount":167,"articleBody":"Budete-li cht\u00edt vyu\u017e\u00edvat zimn\u00ed zahrady i celoro\u010dn\u011b, pak je nezbytn\u00e9 pou\u017eit\u00ed dvojit\u00fdch a\u017e trojit\u00fdch skel. Jako novinku m\u016f\u017eeme nab\u00eddnout izola\u010dn\u00ed skla s tepelnou f\u00f3li\u00ed. Nej\u010dast\u011bji instalujeme dvojit\u00e1 skla, kter\u00e1 maj\u00ed pokovanou vrstvu v kombinaci s bezpe\u010dnostn\u00edmi skly. Takto upraven\u00e9 zimn\u00ed zahrady bude moci u\u017e\u00edvat po cel\u00fd rok. Vhodn\u00e9 je je\u0161t\u011b nainstalovat st\u00edn\u00edc\u00ed techniku.\tOdpo\u010d\u00edvejte v kvalitn\u00edch zimn\u00edch zahrad\u00e1chR\u00e1di p\u011bstujete kv\u011btiny a dal\u0161\u00ed zele\u0148? Cht\u011bli byste vyzkou\u0161et p\u011bstovat i n\u00e1ro\u010dn\u011bj\u0161\u00ed kv\u011btiny, kter\u00e9 nemohou r\u016fst venku? Pak zb\u00fdvaj\u00ed na\u0161e zimn\u00ed zahrady. Ty zpravidla slou\u017e\u00ed jejich majitel\u016fm k p\u011bstov\u00e1n\u00ed kv\u011btin \u010di jin\u00e9 zelen\u011b. Je to kr\u00e1sn\u00fd kon\u00ed\u010dek, kter\u00fd v\u00e1m nav\u00edc zp\u0159\u00edjemn\u00ed prost\u0159ed\u00ed ve va\u0161em dom\u011b. Takov\u00e9 posezen\u00ed v zimn\u00ed zahrad\u011b po cel\u00fd rok nic nenahrad\u00ed. Zimn\u00ed zahrady na v\u00e1s \u010dekaj\u00ed.                                                                                                                                                                                                                                                                                                                                                                                        4.2\/5 - (5 votes)        "},{"@context":"https:\/\/schema.org\/","@type":"BreadcrumbList","itemListElement":[{"@type":"ListItem","position":1,"name":"Zimn\u00ed zahrada k celoro\u010dn\u00edmu u\u017e\u00edv\u00e1n\u00ed","item":"https:\/\/www.014.cz\/zimni-zahrada-k-celorocnimu-uzivani\/#breadcrumbitem"}]}]