[{"@context":"https:\/\/schema.org\/","@type":"Article","@id":"https:\/\/www.014.cz\/tradicni-a-pritom-moderni\/#Article","mainEntityOfPage":"https:\/\/www.014.cz\/tradicni-a-pritom-moderni\/","headline":"Tradi\u010dn\u00ed a p\u0159itom modern\u00ed?","name":"Tradi\u010dn\u00ed a p\u0159itom modern\u00ed?","description":"Zd\u00e1 se V\u00e1m, \u017ee tato dv\u011b sl\u016fvka nejdou p\u0159\u00edli\u0161 dohromady? Je-li n\u011bco trendy, jen st\u011b\u017e\u00ed to bude tradi\u010dn\u00ed a dokonce [&hellip;]","datePublished":"2025-08-30","dateModified":"2025-08-30","author":{"@type":"Person","@id":"https:\/\/www.014.cz\/author\/devene\/#Person","name":"devene","url":"https:\/\/www.014.cz\/author\/devene\/","identifier":1,"image":{"@type":"ImageObject","@id":"https:\/\/secure.gravatar.com\/avatar\/dcb1aeb5e7d95014cdc92e76cf3c72f6b456579bf773ad0081803a6569ffc19c?s=96&d=mm&r=g","url":"https:\/\/secure.gravatar.com\/avatar\/dcb1aeb5e7d95014cdc92e76cf3c72f6b456579bf773ad0081803a6569ffc19c?s=96&d=mm&r=g","height":96,"width":96}},"publisher":{"@type":"Organization","name":"014.cz","logo":{"@type":"ImageObject","@id":"\/logo.png","url":"\/logo.png","width":600,"height":60}},"url":"https:\/\/www.014.cz\/tradicni-a-pritom-moderni\/","wordCount":257,"articleBody":"Zd\u00e1 se V\u00e1m, \u017ee tato dv\u011b sl\u016fvka nejdou p\u0159\u00edli\u0161 dohromady? Je-li n\u011bco trendy, jen st\u011b\u017e\u00ed to bude tradi\u010dn\u00ed a dokonce ji\u017e po stalet\u00ed u\u017e\u00edvan\u00e9, mysl\u00edte si. Jist\u011b, u \u0159ady v\u011bc\u00ed to skute\u010dn\u011b nejde dohromady, jsou v\u0161ak n\u011bkter\u00e9 druhy zbo\u017e\u00ed \u010di slu\u017eeb, kter\u00e9 v sob\u011b velice p\u0159\u00edjemn\u011b snoub\u00ed pr\u00e1v\u011b ob\u011b tyto zm\u00edn\u011bn\u00e9 vlastnosti. A jedn\u00edm p\u0159\u00edkladem tohoto spojen\u00ed mohou b\u00fdt i modern\u00ed koberce. Chce to v\u0161ak tro\u0161ku zap\u00e1trat a nebrat takov\u00e9, kter\u00e9 nab\u00edzej\u00ed tradi\u010dn\u00ed obchodn\u00ed \u0159et\u011bzce s n\u00e1bytkem. Zde bychom asi p\u0159\u00edli\u0161 tradi\u010dn\u00edho nena\u0161li, stejn\u011b jako zde postr\u00e1d\u00e1me onu nad\u010dasovost, postr\u00e1d\u00e1me zde fakt, \u017ee bude ozdobou Va\u0161eho domu i za p\u00e1r des\u00edtek let. Mus\u00edme hledat jinde. P\u0159\u00edmo v centru Prahy Hled\u00e1n\u00ed, kter\u00e9 se n\u00e1m vyplat\u00ed, bude nejlep\u0161\u00ed p\u0159\u00edmo v centru Prahy. Zde se nach\u00e1z\u00ed n\u00e1dhern\u00e1 kamenn\u00e1 prodejna Buchara. Kdy\u017e do n\u00ed vkro\u010d\u00edte, octnete se doslova v jin\u00e9m sv\u011bt\u011b. Budete obklopeni ru\u010dn\u011b tkan\u00fdmi koberci, z nich\u017e ka\u017ed\u00fd je origin\u00e1l, ka\u017ed\u00fd si nese sv\u016fj p\u0159\u00edb\u011bh. Jedn\u00edm slovem n\u00e1dhera. Nebojte se v\u0161ak, \u017ee by tyto kr\u00e1sn\u00e9 kousky vy\u017eadovaly speci\u00e1ln\u00ed n\u00e1ro\u010dnou \u00fadr\u017ebu. Opak je pravdou, p\u0159i minim\u00e1ln\u00ed p\u00e9\u010di budou kr\u00e1sn\u00e9 st\u00e1le a p\u0159ib\u00fdvaj\u00edc\u00edm \u010dasem jejich hodnota bude stoupat                                                                                                                                                                                                                                                                                                                                                                                                "},{"@context":"https:\/\/schema.org\/","@type":"BreadcrumbList","itemListElement":[{"@type":"ListItem","position":1,"name":"Tradi\u010dn\u00ed a p\u0159itom modern\u00ed?","item":"https:\/\/www.014.cz\/tradicni-a-pritom-moderni\/#breadcrumbitem"}]}]