[{"@context":"https:\/\/schema.org\/","@type":"Article","@id":"https:\/\/www.014.cz\/pro-vasi-kancelar-jen-to-nejlepsi\/#Article","mainEntityOfPage":"https:\/\/www.014.cz\/pro-vasi-kancelar-jen-to-nejlepsi\/","headline":"Pro Va\u0161i kancel\u00e1\u0159 jen to nejlep\u0161\u00ed","name":"Pro Va\u0161i kancel\u00e1\u0159 jen to nejlep\u0161\u00ed","description":"Pot\u0159ebujete po\u0159\u00eddit kancel\u00e1\u0159sk\u00fd n\u00e1bytek a nev\u00edte, co p\u0159esn\u011b by m\u011blo b\u00fdt jeho sou\u010d\u00e1st\u00ed? R\u00e1di v\u00e1m porad\u00edme. Nejde tak ani o [&hellip;]","datePublished":"2025-04-25","dateModified":"2025-04-25","author":{"@type":"Person","@id":"https:\/\/www.014.cz\/author\/devene\/#Person","name":"devene","url":"https:\/\/www.014.cz\/author\/devene\/","identifier":1,"image":{"@type":"ImageObject","@id":"https:\/\/secure.gravatar.com\/avatar\/dcb1aeb5e7d95014cdc92e76cf3c72f6b456579bf773ad0081803a6569ffc19c?s=96&d=mm&r=g","url":"https:\/\/secure.gravatar.com\/avatar\/dcb1aeb5e7d95014cdc92e76cf3c72f6b456579bf773ad0081803a6569ffc19c?s=96&d=mm&r=g","height":96,"width":96}},"publisher":{"@type":"Organization","name":"014.cz","logo":{"@type":"ImageObject","@id":"\/logo.png","url":"\/logo.png","width":600,"height":60}},"url":"https:\/\/www.014.cz\/pro-vasi-kancelar-jen-to-nejlepsi\/","wordCount":207,"articleBody":"Pot\u0159ebujete po\u0159\u00eddit kancel\u00e1\u0159sk\u00fd n\u00e1bytek a nev\u00edte, co p\u0159esn\u011b by m\u011blo b\u00fdt jeho sou\u010d\u00e1st\u00ed? R\u00e1di v\u00e1m porad\u00edme. Nejde tak ani o jednotliv\u00e9 kusy kancel\u00e1\u0159sk\u00e9ho n\u00e1bytku, jako o to, \u017ee mus\u00ed b\u00fdt \u00fa\u010deln\u00fd a pohodln\u00fd, tak aby p\u0159in\u00e1\u0161el prosp\u011bch pracovn\u00edkovi a p\u0159\u00edpadn\u00fdm n\u00e1v\u0161t\u011bvn\u00edk\u016fm a teprve v druh\u00e9 \u0159ad\u011b by m\u011bl b\u00fdt br\u00e1n z\u0159etel na design a esteti\u010dno. A\u010d se to m\u016f\u017ee zd\u00e1t m\u00e9n\u011b d\u016fle\u017eit\u00e9, pokud v kancel\u00e1\u0159i nebo firm\u011b nen\u00ed samostatn\u00e1 \u0161atna, m\u011bla by b\u00fdt sou\u010d\u00e1st\u00ed m\u00edstnosti v\u017edy sk\u0159\u00ed\u0148, do n\u00ed\u017e je mo\u017eno odkl\u00e1dat svr\u0161ky a boty. Samoz\u0159ejmost\u00ed by m\u011bl b\u00fdt kancel\u00e1\u0159sk\u00fd n\u00e1bytek, kter\u00fd budou tvo\u0159it r\u016fzn\u00e9 sestavy sk\u0159\u00edn\u011bk, polic a kontejner\u016f, je\u017e budou slou\u017eit k ukl\u00e1d\u00e1n\u00ed nejrozli\u010dn\u011bj\u0161\u00edch kancel\u00e1\u0159sk\u00fdch materi\u00e1l\u016f a pot\u0159eb. U n\u00e1s naleznete v\u0161e Pracovn\u00ed st\u016fl a \u017eidle k po\u010d\u00edta\u010di, to je nerozlu\u010dn\u00e1 dvojice, bez n\u00ed\u017e by \u017e\u00e1dn\u00e1 kancel\u00e1\u0159 a kancel\u00e1\u0159sk\u00fd n\u00e1bytek nebyly \u00fapln\u00e9.                                                                                                                                                                                                                                                                                                                                                                                                "},{"@context":"https:\/\/schema.org\/","@type":"BreadcrumbList","itemListElement":[{"@type":"ListItem","position":1,"name":"Pro Va\u0161i kancel\u00e1\u0159 jen to nejlep\u0161\u00ed","item":"https:\/\/www.014.cz\/pro-vasi-kancelar-jen-to-nejlepsi\/#breadcrumbitem"}]}]