[{"@context":"https:\/\/schema.org\/","@type":"Article","@id":"https:\/\/www.014.cz\/pro-odpocinek-jako-stvoreny\/#Article","mainEntityOfPage":"https:\/\/www.014.cz\/pro-odpocinek-jako-stvoreny\/","headline":"Pro odpo\u010dinek jako stvo\u0159en\u00fd","name":"Pro odpo\u010dinek jako stvo\u0159en\u00fd","description":"Kdo z n\u00e1s by si po celodenn\u00edm shonu necht\u011bl alespo\u0148 na p\u016fl hodinky zd\u0159\u00edmnout, nebo jenom zrelaxovat a uvolnit se [&hellip;]","datePublished":"2019-11-17","dateModified":"2023-05-06","author":{"@type":"Person","@id":"https:\/\/www.014.cz\/author\/devene\/#Person","name":"devene","url":"https:\/\/www.014.cz\/author\/devene\/","identifier":1,"image":{"@type":"ImageObject","@id":"https:\/\/secure.gravatar.com\/avatar\/dcb1aeb5e7d95014cdc92e76cf3c72f6b456579bf773ad0081803a6569ffc19c?s=96&d=mm&r=g","url":"https:\/\/secure.gravatar.com\/avatar\/dcb1aeb5e7d95014cdc92e76cf3c72f6b456579bf773ad0081803a6569ffc19c?s=96&d=mm&r=g","height":96,"width":96}},"publisher":{"@type":"Organization","name":"014.cz","logo":{"@type":"ImageObject","@id":"\/logo.png","url":"\/logo.png","width":600,"height":60}},"image":{"@type":"ImageObject","@id":"https:\/\/www.014.cz\/wp-content\/uploads\/img_a368919_w1978_t1581087955.jpg","url":"https:\/\/www.014.cz\/wp-content\/uploads\/img_a368919_w1978_t1581087955.jpg","height":0,"width":0},"url":"https:\/\/www.014.cz\/pro-odpocinek-jako-stvoreny\/","about":["PC"],"wordCount":380,"articleBody":"      Kdo z n\u00e1s by si po celodenn\u00edm shonu necht\u011bl alespo\u0148 na p\u016fl hodinky zd\u0159\u00edmnout, nebo jenom zrelaxovat a uvolnit se ve sv\u00e9 nejobl\u00edben\u011bj\u0161\u00ed poloze? \u010casto n\u00e1m v\u0161ak tento \u00famysl p\u0159ekaz\u00ed nedostatek \u010dasu, ale je\u0161t\u011b obvyklej\u0161\u00edm d\u016fvodem je ji\u017e ostatn\u00edmi \u010dleny rodiny obsazen\u00e1 pohovka v ob\u00fdvac\u00edm pokoji, \u010di le\u017een\u00ed na terase. Pro tyto situace se nab\u00edz\u00ed ide\u00e1ln\u00ed \u0159e\u010den\u00ed n\u00e1kupu , kter\u00fd v\u00e1s p\u0159esv\u011bd\u010d\u00ed o tom, \u017ee se se zakr\u00e1tko stane va\u0161im nejobl\u00edben\u011bj\u0161\u00edm dopl\u0148kem bytu, terasy, nebo zahrady.  V\u0161ude tam toti\u017e tento \u00fa\u017easn\u00fd sedac\u00ed pytel m\u016f\u017eete bez obav um\u00edstit a u\u017e\u00edt si dokonal\u00fd odpo\u010dinek v r\u00e1mci cel\u00e9ho interi\u00e9ru a exteri\u00e9ru domu. Ohromnou v\u00fdhodou je tak\u00e9 jeho proveden\u00ed v barv\u011b khaki, kter\u00e1 je velmi praktick\u00e1 a z\u00e1rove\u0148 v sou\u010dasnosti i m\u00f3dn\u00ed, zejm\u00e9na u mlad\u0161\u00ed generace. Pr\u00e1v\u011b mlad\u00ed lid\u00e9 ocen\u00ed variabilitu tohoto pytle, jen\u017e je opat\u0159en popruhem, s jeho\u017e pomoc\u00ed lze v m\u017eiku vytvo\u0159it z klasick\u00e9ho rovn\u00e9ho pol\u0161t\u00e1\u0159e pohodln\u00e9 a funk\u010dn\u00ed k\u0159eslo, v n\u011bm\u017e si ka\u017ed\u00fd r\u00e1d poslechne svoji obl\u00edbenou hudbu, nebo se za\u010dte do kn\u00ed\u017eky. D\u00edky n\u00e1plni, kterou tvo\u0159\u00ed polystyrenov\u00e9 kuli\u010dky se s t\u00edmto dopl\u0148kem velmi snadno manipuluje. Mno\u017estv\u00ed n\u00e1pln\u011b lze tak\u00e9 jednodu\u0161e regulovat Nem\u011bjte \u017e\u00e1dn\u00e9 obavy z roztr\u017een\u00ed vaku a vysyp\u00e1n\u00ed obsahu, proto\u017ee pytel je ji\u0161t\u011bn troj\u00edm bezpe\u010dn\u00fdm pro\u0161it\u00edm pevn\u00e9 nylonov\u00e9 tkaniny, kterou lze \u010distit navlh\u010denou houbou, nebo had\u0159\u00edkem. Jist\u011b uv\u00edt\u00e1te tak\u00e9 komfortn\u00ed rozm\u011br tohoto byteln\u00e9ho vaku, kter\u00e9 jsou 189 x 140 cm a spl\u0148uj\u00ed tak skute\u010dn\u011b pohodln\u00e9 le\u017een\u00ed i posezen\u00ed pro mal\u00e9 i velk\u00e9 neposedy a jejich kamar\u00e1dy, \u010di va\u0161e hosty, kdekoliv v dom\u011b i na zahrad\u011b.   Dop\u0159ejte si origin\u00e1ln\u00ed dopln\u011bk do va\u0161eho domu, kter\u00fd se stane jeho hodnotnou a praktickou sou\u010d\u00e1st\u00ed. Ud\u011blejte si radost a objedn\u00e1vejte ji\u017e nyn\u00ed na na\u0161ich str\u00e1nk\u00e1ch tento, nebo jin\u00fd zaj\u00edmav\u00fd model za sn\u00ed\u017eenou cenu.                                                                                                                                                                                                                                                                                                                                                                                          4.7\/5 - (4 votes)        "},{"@context":"https:\/\/schema.org\/","@type":"BreadcrumbList","itemListElement":[{"@type":"ListItem","position":1,"name":"Pro odpo\u010dinek jako stvo\u0159en\u00fd","item":"https:\/\/www.014.cz\/pro-odpocinek-jako-stvoreny\/#breadcrumbitem"}]}]