[{"@context":"https:\/\/schema.org\/","@type":"Article","@id":"https:\/\/www.014.cz\/nevychovany-adolescent-kdo-za-to-muze\/#Article","mainEntityOfPage":"https:\/\/www.014.cz\/nevychovany-adolescent-kdo-za-to-muze\/","headline":"Nevychovan\u00fd adolescent, kdo za to m\u016f\u017ee?","name":"Nevychovan\u00fd adolescent, kdo za to m\u016f\u017ee?","description":"Pokud v\u00e1m adolescent p\u0159erostl p\u0159es hlavu, \u010dtete tento \u010dl\u00e1nek a uva\u017eujete, kde jste ud\u011blali chybu v\u011bzte, \u017ee se to nestalo [&hellip;]","datePublished":"2019-01-22","dateModified":"2019-01-22","author":{"@type":"Person","@id":"https:\/\/www.014.cz\/author\/devene\/#Person","name":"devene","url":"https:\/\/www.014.cz\/author\/devene\/","identifier":1,"image":{"@type":"ImageObject","@id":"https:\/\/secure.gravatar.com\/avatar\/dcb1aeb5e7d95014cdc92e76cf3c72f6b456579bf773ad0081803a6569ffc19c?s=96&d=mm&r=g","url":"https:\/\/secure.gravatar.com\/avatar\/dcb1aeb5e7d95014cdc92e76cf3c72f6b456579bf773ad0081803a6569ffc19c?s=96&d=mm&r=g","height":96,"width":96}},"publisher":{"@type":"Organization","name":"014.cz","logo":{"@type":"ImageObject","@id":"\/logo.png","url":"\/logo.png","width":600,"height":60}},"image":{"@type":"ImageObject","@id":"https:\/\/www.014.cz\/wp-content\/uploads\/img_a334870_w1690_t1548394815.jpg","url":"https:\/\/www.014.cz\/wp-content\/uploads\/img_a334870_w1690_t1548394815.jpg","height":0,"width":0},"url":"https:\/\/www.014.cz\/nevychovany-adolescent-kdo-za-to-muze\/","wordCount":394,"articleBody":"Pokud v\u00e1m adolescent p\u0159erostl p\u0159es hlavu, \u010dtete tento \u010dl\u00e1nek a uva\u017eujete, kde jste ud\u011blali chybu v\u011bzte, \u017ee se to nestalo kv\u016fli jednomu faktoru, ale jedn\u00e1 se o komplexn\u00ed v\u011bc, kterou \u010dasto ani nem\u00e1me \u0161anci ovlivnit.Rodina &#8211; Rodina je z\u00e1klad, poskytuje d\u00edt\u011bti z\u00e1kladn\u00ed hodnoty a vzory do \u017eivota. Tak\u00e9 dohl\u00ed\u017e\u00ed a aktivn\u011b se pod\u00edl\u00ed na z\u00e1kladn\u00ed v\u00fdchov\u011b d\u00edt\u011bte a dosp\u00edvaj\u00edc\u00edho. Dle  je probl\u00e9m, pokud rodina nefunguje a nedok\u00e1\u017ee p\u0159edat spr\u00e1vn\u00e9 postoje a vzory. Pak vznik\u00e1 konflikt a nesouhlasn\u00fd postroj v\u016f\u010di autorit\u011b. Z toho m\u016f\u017ee vzniknout probl\u00e9mov\u00e9 chov\u00e1n\u00ed. Av\u0161ak i pokud je rodina vzorn\u00e1, n\u011bkdy se prost\u011b stane, \u017ee ani spr\u00e1vn\u00e9 vzory a hodnoty nepom\u016f\u017eou. \u0160kola \u2013 Druh\u00fd v\u00fdchovn\u00fd vzor by m\u011bla b\u00fdt \u0161kola, po rodin\u011b toti\u017e d\u011bti tr\u00e1v\u00ed ve \u0161kole nejv\u00edce \u010dasu a t\u00edm p\u00e1dem je \u0161kolstv\u00ed cht\u011b necht\u011b formuje. Pokud m\u00e1 d\u00edt\u011b ve \u0161kole probl\u00e9my, nud\u00ed se, nest\u00edh\u00e1, nerozum\u00ed si se spolu\u017e\u00e1ky, projevuje se ka\u017ed\u00fd probl\u00e9m jak v prosp\u011bchu, tak i v chov\u00e1n\u00ed. Probl\u00e9mov\u00e9 chov\u00e1n\u00ed se v\u0161ak \u0161patn\u011b zastavuje, \u010dasto se mlad\u00fd \u010dlov\u011bk zaplete do \u0161patn\u00e9 party a probl\u00e9m u\u017e se veze. Pokud u\u010ditel zav\u010dasu zpozoruje probl\u00e9m, m\u016f\u017ee citliv\u011b zas\u00e1hnout, pomoci, za\u0159\u00eddit dou\u010dov\u00e1n\u00ed, p\u0159esun na jinou \u0161kolu\u2026Osobnost&#8211; Ka\u017ed\u00fd jsme jin\u00fd. N\u011bkte\u0159\u00ed dosp\u00edvaj\u00edc\u00ed maj\u00ed rebelii v krvi a v\u017edy d\u011blaj\u00ed p\u0159esn\u00fd opak ne\u017e se od nich o\u010dek\u00e1v\u00e1. Dal\u0161\u00edm probl\u00e9mem m\u016f\u017ee b\u00fdt odm\u00edt\u00e1n\u00ed odpov\u011bdnosti za sv\u00e9 jedn\u00e1n\u00ed a omlouv\u00e1n\u00ed se, \u010di h\u00e1zen\u00edm viny na v\u0161echny okolo sebe. P\u0159\u00edroda \u2013 Puberta je absolutn\u011b p\u0159irozen\u00e1 v\u011bc, kter\u00e1 mus\u00ed prob\u011bhnout u ka\u017ed\u00e9ho jedince. Jak moc bou\u0159liv\u011b bude prob\u00edhat z\u00e1le\u017e\u00ed nejen na n\u00e1s, nejbli\u017e\u0161\u00ed rodin\u011b, samotn\u00e9m dop\u00edvaj\u00edc\u00edm, prost\u0159ed\u00ed \u010di p\u0159\u00edstupu ve \u0161kole ale tak\u00e9 na hormon\u00e1ln\u00ed rovnov\u00e1ze, rychlosti pr\u016fb\u011bhu puberty a z\u00e1jmech dosp\u00edvaj\u00edc\u00edho. Jedin\u00e9, co v\u00e1m m\u016f\u017eeme sl\u00edbit je fakt, \u017ee to nejsp\u00ed\u0161 jedou p\u0159ejde J.                                                                                                                                                                                                                                                                                                                                                                                        3.6\/5 - (5 votes)        "},{"@context":"https:\/\/schema.org\/","@type":"BreadcrumbList","itemListElement":[{"@type":"ListItem","position":1,"name":"Nevychovan\u00fd adolescent, kdo za to m\u016f\u017ee?","item":"https:\/\/www.014.cz\/nevychovany-adolescent-kdo-za-to-muze\/#breadcrumbitem"}]}]