[{"@context":"https:\/\/schema.org\/","@type":"Article","@id":"https:\/\/www.014.cz\/cim-je-charakteristicky-obal-na-mobil-ve-tvaru-knizky\/#Article","mainEntityOfPage":"https:\/\/www.014.cz\/cim-je-charakteristicky-obal-na-mobil-ve-tvaru-knizky\/","headline":"\u010c\u00edm je charakteristick\u00fd obal na mobil ve tvaru kn\u00ed\u017eky","name":"\u010c\u00edm je charakteristick\u00fd obal na mobil ve tvaru kn\u00ed\u017eky","description":"P\u0159\u00edjemn\u011b se s n\u00edm zach\u00e1z\u00ed \u2013 eko-k\u016f\u017ee je materi\u00e1l sice syntetick\u00fd, ale velmi p\u0159\u00edjemn\u00fd na dotek. T\u00e9m\u011b\u0159 jej nerozezn\u00e1te od [&hellip;]","datePublished":"2021-04-12","dateModified":"2023-05-06","author":{"@type":"Person","@id":"https:\/\/www.014.cz\/author\/devene\/#Person","name":"devene","url":"https:\/\/www.014.cz\/author\/devene\/","identifier":1,"image":{"@type":"ImageObject","@id":"https:\/\/secure.gravatar.com\/avatar\/dcb1aeb5e7d95014cdc92e76cf3c72f6b456579bf773ad0081803a6569ffc19c?s=96&d=mm&r=g","url":"https:\/\/secure.gravatar.com\/avatar\/dcb1aeb5e7d95014cdc92e76cf3c72f6b456579bf773ad0081803a6569ffc19c?s=96&d=mm&r=g","height":96,"width":96}},"publisher":{"@type":"Organization","name":"014.cz","logo":{"@type":"ImageObject","@id":"\/logo.png","url":"\/logo.png","width":600,"height":60}},"image":{"@type":"ImageObject","@id":"https:\/\/www.014.cz\/wp-content\/uploads\/d%C3%ADvka%20s%20mobilem.JPG","url":"https:\/\/www.014.cz\/wp-content\/uploads\/d%C3%ADvka%20s%20mobilem.JPG","height":0,"width":0},"url":"https:\/\/www.014.cz\/cim-je-charakteristicky-obal-na-mobil-ve-tvaru-knizky\/","about":["PC"],"wordCount":430,"articleBody":"   P\u0159\u00edjemn\u011b se s n\u00edm zach\u00e1z\u00ed \u2013 eko-k\u016f\u017ee je materi\u00e1l sice syntetick\u00fd, ale velmi p\u0159\u00edjemn\u00fd na dotek. T\u00e9m\u011b\u0159 jej nerozezn\u00e1te od prav\u00e9 k\u016f\u017ee, m\u00e1 podobnou strukturu a proto se tak\u00e9 vyu\u017e\u00edv\u00e1 pro v\u00fdrobu st\u00e9lky d\u00e1msk\u00fdch letn\u00edch st\u0159ev\u00edc\u016f, kter\u00e9 p\u0159ich\u00e1z\u00ed do p\u0159\u00edm\u00e9ho kontaktu s bos\u00fdmi chodidly. Je to materi\u00e1l nealergick\u00fd, nezap\u00e1ch\u00e1 a ani pachy nep\u0159ij\u00edm\u00e1.Nelep\u00ed se na ruce \u2013 eko-k\u016f\u017ee nen\u00ed ko\u017eenka, kter\u00e1 se v\u00e1m p\u0159ilep\u00ed na zpocen\u00e9 dlan\u011b. Eko-k\u016f\u017ee je nav\u00edc velmi prody\u0161n\u00e1 a t\u00edm je mobil uvnit\u0159 chr\u00e1n\u011bn proti sr\u00e1\u017een\u00ed vzdu\u0161n\u00e9 vlhkosti.Dob\u0159e se udr\u017euje v \u010distot\u011b \u2013 vlhk\u00fdm had\u0159\u00edkem a b\u011b\u017en\u00fdm sapon\u00e1tem, nejl\u00e9pe roztokem vody s jedlou sodou vy\u010dist\u00edte v\u011bt\u0161inu ne\u010distot z jeho povrchu. Nen\u00ed vhodn\u00e9 pr\u00e1t jej v pra\u010dce, ale kontakt s vodou mu nevad\u00ed.Uvnit\u0159 je gelov\u00e1 vlo\u017eka \u2013 ta chr\u00e1n\u00ed p\u0159\u00edstroj p\u0159ed vn\u011bj\u0161\u00edmi vlivy ze v\u0161ech stran, krom\u011b t\u00e9 p\u0159edn\u00ed, kter\u00e1 je zabezpe\u010dena zav\u00edrac\u00edmi p\u0159edn\u00edmi deskami. Gelov\u00e1 vlo\u017eka m\u00e1 v\u00fd\u0159ezy pro bo\u010dn\u00ed tla\u010d\u00edtka, p\u0159\u00edpadn\u011b pro mikrofon, vstup audio konektoru a \u010do\u010dky fotoapar\u00e1tu. Podstatn\u00e9 ov\u0161em je, aby \u0161lo o konkr\u00e9tn\u00ed typ mobilu, pro kter\u00fd se kn\u00ed\u017ekov\u00e9 pouzdro vyr\u00e1b\u00ed, u pouzder univerz\u00e1ln\u00edch m\u016f\u017ee b\u00fdt probl\u00e9m pr\u00e1v\u011b s konektorov\u00fdmi vstupy. Tehdy se to \u010dastokr\u00e1t \u0159e\u0161\u00ed pom\u011brn\u011b ne\u0161ikovn\u00fdm plastov\u00fdm klipsem.M\u00e1 magnetick\u00fd klip \u2013 zap\u00edn\u00e1n\u00ed p\u0159edn\u00ed strany obalu na Huawei P20 Lite je \u0159e\u0161eno magnetick\u00fdm klipem, tak\u017ee \u017e\u00e1dn\u00e9 slo\u017eit\u00e9 zap\u00edn\u00e1n\u00ed na \u0161\u0148\u016frky, dr\u00e1tky, zip nebo patentky. Vyu\u017eijte pastelov\u00fdch barev \u2013 v\u00fdznam barev v lidsk\u00e9m \u017eivot\u011b se mnohdy podce\u0148uje, p\u0159itom maj\u00ed i l\u00e9\u010debn\u00e9 \u00fa\u010dinky, sta\u010d\u00ed jen v\u011bd\u011bt, kterou vyu\u017e\u00edvat a hlavn\u011b kdy. \u017dlut\u00e1 a \u010derven\u00e1 aktivizuj\u00ed a podporuj\u00ed rozhodnost a sm\u011blost. Zelen\u00e1, r\u016f\u017eov\u00e1 a fialov\u00e1 uklid\u0148uje, modr\u00e1 p\u0159isp\u00edv\u00e1 k tvo\u0159ivosti a n\u00e1paditosti. B\u00edl\u00e1 se hod\u00ed pro ka\u017edou p\u0159\u00edle\u017eitost, zejm\u00e9na v\u0161ak pro ve\u010d\u00edrky, svatby a narozeninov\u00e9 oslavy a barva k\u016f\u017ee je elegantn\u00ed a vhodn\u00e1 i pro obchodn\u00ed jedn\u00e1n\u00ed. Vzhled pouzdra na mobil v\u0161ak volte podle sv\u00e9ho vlastn\u00edho pocitu, aby se l\u00edbilo p\u0159edev\u0161\u00edm v\u00e1m.                                                                                                                                                                                                                                                                                                                                                                                         5\/5 - (3 votes)        "},{"@context":"https:\/\/schema.org\/","@type":"BreadcrumbList","itemListElement":[{"@type":"ListItem","position":1,"name":"\u010c\u00edm je charakteristick\u00fd obal na mobil ve tvaru kn\u00ed\u017eky","item":"https:\/\/www.014.cz\/cim-je-charakteristicky-obal-na-mobil-ve-tvaru-knizky\/#breadcrumbitem"}]}]