[{"@context":"https:\/\/schema.org\/","@type":"Article","@id":"https:\/\/www.014.cz\/9-duvodu-proc-se-navstivit-kyjev\/#Article","mainEntityOfPage":"https:\/\/www.014.cz\/9-duvodu-proc-se-navstivit-kyjev\/","headline":"9 d\u016fvod\u016f, pro\u010d se nav\u0161t\u00edvit Kyjev!","name":"9 d\u016fvod\u016f, pro\u010d se nav\u0161t\u00edvit Kyjev!","description":"Ne\u017e nav\u0161t\u00edv\u00edte tyto kr\u00e1sn\u00e1 m\u00edsta, kupte si nejd\u0159\u00edve letenku do Kyjeva. Chr\u00e1m sv. Ond\u0159eje Tento pravoslavn\u00fd barokn\u00ed chr\u00e1m se nach\u00e1z\u00ed [&hellip;]","datePublished":"2020-02-18","dateModified":"2023-08-21","author":{"@type":"Person","@id":"https:\/\/www.014.cz\/author\/devene\/#Person","name":"devene","url":"https:\/\/www.014.cz\/author\/devene\/","identifier":1,"image":{"@type":"ImageObject","@id":"https:\/\/secure.gravatar.com\/avatar\/dcb1aeb5e7d95014cdc92e76cf3c72f6b456579bf773ad0081803a6569ffc19c?s=96&d=mm&r=g","url":"https:\/\/secure.gravatar.com\/avatar\/dcb1aeb5e7d95014cdc92e76cf3c72f6b456579bf773ad0081803a6569ffc19c?s=96&d=mm&r=g","height":96,"width":96}},"publisher":{"@type":"Organization","name":"014.cz","logo":{"@type":"ImageObject","@id":"\/logo.png","url":"\/logo.png","width":600,"height":60}},"image":{"@type":"ImageObject","@id":"https:\/\/www.014.cz\/wp-content\/uploads\/img_a376148_w4426_t1587548419.jpg","url":"https:\/\/www.014.cz\/wp-content\/uploads\/img_a376148_w4426_t1587548419.jpg","height":0,"width":0},"url":"https:\/\/www.014.cz\/9-duvodu-proc-se-navstivit-kyjev\/","about":["Slu\u017eby"],"wordCount":415,"articleBody":"        Ne\u017e nav\u0161t\u00edv\u00edte tyto kr\u00e1sn\u00e1 m\u00edsta, kupte si nejd\u0159\u00edve letenku do Kyjeva.  Chr\u00e1m sv. Ond\u0159eje  Tento pravoslavn\u00fd barokn\u00ed chr\u00e1m se nach\u00e1z\u00ed na Starokyjevsk\u00e9 ho\u0159e. Z\u00e1rove\u0148 se stal nezam\u011bnitelnou ikonou d\u00edky zelenozlat\u00e9 kopuli a tak\u00e9 tomu, \u017ee je nejv\u00fd\u0161e polo\u017eenou stavbou, tak\u017ee ho uvid\u00edte odkudkoli. Byl postaven v letech 1747 a\u017e 1753 italsk\u00fdm architektem jm\u00e9nem Bartoleem Rasrelli.  Muzeum \u010cernobylu  Asi nen\u00ed pot\u0159eba sd\u011blovat varov\u00e1n\u00ed, \u017ee Muzeum \u010cernobylu je sp\u00ed\u0161e pro osoby \u201ase siln\u011bj\u0161\u00edm \u017ealudkem\u2018. Najdete zde mnoho zpr\u00e1v o hav\u00e1rii, fotky dom\u016f, lid\u00ed, co p\u0159e\u017eili, ale i t\u011bch, kte\u0159\u00ed se zachr\u00e1nit nemohli. Samoz\u0159ejm\u011b je cel\u00e1 expozice zaj\u00edmav\u00e1 a p\u016fsobiv\u00e1, ale tak\u00e9 depresivn\u00ed. Na rozd\u00edl od v\u011bt\u0161iny pam\u00e1tek, zde mus\u00edte zaplatit za vstup \u2013 10 h\u0159iven, pro studenty 5 h\u0159iven.  Uspensk\u00fd chr\u00e1m  Uspensk\u00fd chr\u00e1m je polo\u017een\u00fd v oblasti Kyjevskope\u010dersk\u00e9 L\u00e1vry. Jedn\u00e1 se o obrovskou byzantskou stavbu ve zlatob\u00edl\u00e9 barv\u011b.  Chr\u00e1m sv. Sofie  Byl postaven v polovin\u011b 11. stolet\u00ed v barokn\u00edm stylu. Byl postaven jako pravoslavn\u00fd chr\u00e1m Jaroslavem Moudr\u00fdm na oslavu v\u00edt\u011bzstv\u00ed Pe\u010den\u011bhy.  Matka-vlast  Matka-vlast je socha, kterou jen tak nep\u0159ehl\u00e9dnete. Se sv\u00fdmi 450 tunami a 62 metry byla vybudov\u00e1na jako symbol v\u00edt\u011bzstv\u00ed Sov\u011btsk\u00e9ho svazu nad nacisty.  Zlat\u00e1 br\u00e1na  Byla stejn\u011b jako Chr\u00e1m svat\u00e9 Sofie vybudov\u00e1na v 11. stolet\u00ed na n\u00e1m\u011bt z Konstantinopole \u2013 Zlat\u00e9 br\u00e1ny. Ve 13. stolet\u00ed v\u0161ak byla skoro zni\u010dena a opravena byla a\u017e v 80. letech 20. stolet\u00ed.  N\u00e1m\u011bst\u00ed Nez\u00e1vislosti  Je v podstat\u011b centrum ukrajinsk\u00e9 metropole. Setkat se tu proto m\u017eete s r\u016fzn\u00fdmi akcemi, galeriemi, ale tak\u00e9 spole\u010densk\u00fdmi ud\u00e1lostmi.  Landscape Alley Park  Tento park je \u00fa\u017easn\u00fdm um\u011bleck\u00fdm m\u00edstem, kde se budou bavit jak d\u011bti, tak dosp\u011bl\u00ed. Toto m\u00edsto je vyzdoben\u00e9 spousty hrav\u00fdmi a kreativn\u00edmi dopl\u0148ky, jako je nap\u0159\u00edklad lavi\u010dka ve tvaru kr\u00e1l\u00edka.  Katedr\u00e1la sv. Mikul\u00e1\u0161e   Je \u0159\u00edmskokatolick\u00e1 katedr\u00e1la v novogotick\u00e9m stylu. B\u011bhem druh\u00e9 sv\u011btov\u00e9 v\u00e1lky byla v\u0161ak zna\u010dn\u011b po\u0161kozena a zrekonstruov\u00e1na byla a\u017e v roce 1978. nyn\u00ed si zde m\u016f\u017eete poslechnout varhann\u00ed koncerty, ale tak\u00e9 bohoslu\u017eby, a to hned ve 3 jazyc\u00edch \u2013 rusk\u00e9m, ukrajinsk\u00e9m a polsk\u00e9m.                                                                                                                                                                                                                                                                                                                                                                                          4.2\/5 - (8 votes)        "},{"@context":"https:\/\/schema.org\/","@type":"BreadcrumbList","itemListElement":[{"@type":"ListItem","position":1,"name":"9 d\u016fvod\u016f, pro\u010d se nav\u0161t\u00edvit Kyjev!","item":"https:\/\/www.014.cz\/9-duvodu-proc-se-navstivit-kyjev\/#breadcrumbitem"}]}]